{"id":1388,"date":"2025-02-07T14:06:00","date_gmt":"2025-02-07T10:06:00","guid":{"rendered":"https:\/\/standpro.az\/?p=1388"},"modified":"2025-11-03T15:46:37","modified_gmt":"2025-11-03T11:46:37","slug":"sirk%c9%99tiniz-ucun-s%c9%99rgi-stendi-sec%c9%99rk%c9%99n-n%c9%99l%c9%99r%c9%99-diqq%c9%99t-etm%c9%99li","status":"publish","type":"post","link":"https:\/\/standpro.az\/?p=1388","title":{"rendered":"\u015eirk\u0259tiniz \u00fc\u00e7\u00fcn S\u0259rgi Stendi Se\u00e7\u0259rk\u0259n n\u0259l\u0259r\u0259 diqq\u0259t etm\u0259li?"},"content":{"rendered":"\n<p>S\u0259rgil\u0259rd\u0259 i\u015ftirak ed\u0259rk\u0259n stend \u2014 markan\u0131z\u0131n s\u0259hn\u0259sidir.<br>Dizayn, \u00f6l\u00e7\u00fc v\u0259 funksionall\u0131q bax\u0131m\u0131ndan d\u00fczg\u00fcn se\u00e7im ets\u0259niz, h\u0259m diqq\u0259t \u00e7\u0259k\u0259r, h\u0259m d\u0259 m\u00fc\u015ft\u0259ril\u0259rl\u0259 daha effektiv \u00fcnsiyy\u0259t qura bil\u0259rsiniz.<\/p>\n\n\n\n<p>StandPro komandas\u0131 olaraq y\u00fczl\u0259rl\u0259 layih\u0259 \u0259rzind\u0259 g\u00f6rd\u00fck ki, <strong>stendin u\u011furu t\u0259kc\u0259 g\u00f6z\u0259llikd\u0259 deyil, m\u0259qs\u0259d\u0259 uy\u011funluqdad\u0131r.<\/strong><br>A\u015fa\u011f\u0131da sizin \u00fc\u00e7\u00fcn real t\u0259cr\u00fcb\u0259miz v\u0259 \u00e7ertyoj n\u00fcmun\u0259l\u0259rimiz\u0259 \u0259saslanan b\u0259l\u0259d\u00e7i haz\u0131rlam\u0131\u015f\u0131q.<\/p>\n\n\n\n<hr class=\"wp-block-separator has-alpha-channel-opacity\"\/>\n\n\n\n<h3 class=\"wp-block-heading\">\ud83c\udfaf 1. M\u0259qs\u0259dinizi m\u00fc\u0259yy\u0259nl\u0259\u015fdirin<\/h3>\n\n\n\n<p>\u018fvv\u0259lc\u0259 sual verin:<br><strong>S\u0259rgid\u0259 n\u0259yi g\u00f6st\u0259rm\u0259k ist\u0259yirsiniz?<\/strong><\/p>\n\n\n\n<div class=\"\" data-col=\"2\"><ul class=\"wp-block-list\">\n<li>Yeni m\u0259hsulu tan\u0131tmaq?<\/li>\n\n\n\n<li>Brend imicini m\u00f6hk\u0259ml\u0259ndirm\u0259k?<\/li>\n\n\n\n<li>Partnyorlarla B2B g\u00f6r\u00fc\u015fl\u0259r ke\u00e7irm\u0259k?<\/li>\n<\/ul><\/div>\n\n\n\n<p>Bu sual dizayn\u0131n istiqam\u0259tini m\u00fc\u0259yy\u0259nl\u0259\u015fdirir.<br>M\u0259s\u0259l\u0259n, m\u0259hsul tan\u0131t\u0131m\u0131 \u00fc\u00e7\u00fcn a\u00e7\u0131q v\u0259 vitrini \u00f6n planda olan stendl\u0259r se\u00e7ilir,<br>amma B2B \u00fcnsiyy\u0259t \u00fc\u00e7\u00fcn qapal\u0131 g\u00f6r\u00fc\u015f zonal\u0131, sakit atmosferli stendl\u0259r daha uy\u011fundur.<\/p>\n\n\n\n<hr class=\"wp-block-separator has-alpha-channel-opacity\"\/>\n\n\n\n<h3 class=\"wp-block-heading\">\ud83d\udcd0 2. Stendin plan\u0131 \u2013 h\u0259r \u015fey \u00e7ertyojdan ba\u015flay\u0131r<\/h3>\n\n\n\n<p>Bir \u00e7ox \u015firk\u0259t dizayn m\u0259rh\u0259l\u0259sini t\u0259l\u0259sik ke\u00e7ir, amma bizd\u0259 h\u0259r layih\u0259 <strong>\u00e7ertyoj \u00fcz\u0259rind\u0259 d\u0259qiq planlan\u0131r.<\/strong><\/p>\n\n\n\n<p>\u00c7ertyoj siz\u0259:<\/p>\n\n\n\n<div class=\"\" data-col=\"2\"><ul class=\"wp-block-list\">\n<li><strong>Sah\u0259 \u00f6l\u00e7\u00fcl\u0259rini real miqyasda g\u00f6rm\u0259y\u0259,<\/strong><\/li>\n\n\n\n<li><strong>Ziyar\u0259t\u00e7i ax\u0131n\u0131n\u0131n istiqam\u0259tini planlama\u011fa,<\/strong><\/li>\n\n\n\n<li><strong>\u0130\u015f\u0131q, ekran, m\u0259hsul vitrinl\u0259rinin yerl\u0259rini d\u00fczg\u00fcn yerl\u0259\u015fdirm\u0259y\u0259<\/strong> k\u00f6m\u0259k edir.<\/li>\n<\/ul><\/div>\n\n\n\n<p>\ud83d\udca1 <em>M\u0259sl\u0259h\u0259t:<\/em> \u018fg\u0259r s\u0259rgi sah\u0259niz 9&#215;6 m v\u0259 ya 10&#215;10 m kimidirs\u0259, \u00e7ertyojda ziyar\u0259t\u00e7i giri\u015fi, dayan\u0131ql\u0131 zonalar v\u0259 \u201cfoto \u00e7\u0259kili\u015f bucaqlar\u0131\u201d da \u0259vv\u0259lc\u0259d\u0259n qeyd olunmal\u0131d\u0131r.<br>StandPro-da biz h\u0259r m\u00fc\u015ft\u0259riy\u0259 <strong>AutoCAD + 3D vizual<\/strong> kombinasiyas\u0131nda \u00e7ertyoj t\u0259qdim edirik.<\/p>\n\n\n\n<div class=\"wp-block-columns is-layout-flex wp-container-core-columns-is-layout-9d6595d7 wp-block-columns-is-layout-flex\">\n<div class=\"wp-block-column is-layout-flow wp-block-column-is-layout-flow\" style=\"flex-basis:33.33%\">\n<figure class=\"wp-block-image size-large\"><img loading=\"lazy\" decoding=\"async\" width=\"1024\" height=\"724\" src=\"https:\/\/standpro.az\/wp-content\/uploads\/2025\/10\/5_ci_Yubiley_Az\u0259rbaycan_Beyn\u0259lxalq_Qarabagin_B\u0259rpa_Yenid\u0259nqurma_page-0006-1024x724.jpg\" alt=\"\" class=\"wp-image-1392\" srcset=\"https:\/\/standpro.az\/wp-content\/uploads\/2025\/10\/5_ci_Yubiley_Az\u0259rbaycan_Beyn\u0259lxalq_Qarabagin_B\u0259rpa_Yenid\u0259nqurma_page-0006-1024x724.jpg 1024w, https:\/\/standpro.az\/wp-content\/uploads\/2025\/10\/5_ci_Yubiley_Az\u0259rbaycan_Beyn\u0259lxalq_Qarabagin_B\u0259rpa_Yenid\u0259nqurma_page-0006-300x212.jpg 300w, https:\/\/standpro.az\/wp-content\/uploads\/2025\/10\/5_ci_Yubiley_Az\u0259rbaycan_Beyn\u0259lxalq_Qarabagin_B\u0259rpa_Yenid\u0259nqurma_page-0006-768x543.jpg 768w, https:\/\/standpro.az\/wp-content\/uploads\/2025\/10\/5_ci_Yubiley_Az\u0259rbaycan_Beyn\u0259lxalq_Qarabagin_B\u0259rpa_Yenid\u0259nqurma_page-0006-1536x1086.jpg 1536w, https:\/\/standpro.az\/wp-content\/uploads\/2025\/10\/5_ci_Yubiley_Az\u0259rbaycan_Beyn\u0259lxalq_Qarabagin_B\u0259rpa_Yenid\u0259nqurma_page-0006-2048x1448.jpg 2048w\" sizes=\"auto, (max-width: 1024px) 100vw, 1024px\" \/><\/figure>\n\n\n\n<figure class=\"wp-block-image size-large\"><img loading=\"lazy\" decoding=\"async\" width=\"1024\" height=\"724\" src=\"https:\/\/standpro.az\/wp-content\/uploads\/2025\/10\/5_ci_Yubiley_Az\u0259rbaycan_Beyn\u0259lxalq_Qarabagin_B\u0259rpa_Yenid\u0259nqurma_page-0019-1024x724.jpg\" alt=\"\" class=\"wp-image-1395\" srcset=\"https:\/\/standpro.az\/wp-content\/uploads\/2025\/10\/5_ci_Yubiley_Az\u0259rbaycan_Beyn\u0259lxalq_Qarabagin_B\u0259rpa_Yenid\u0259nqurma_page-0019-1024x724.jpg 1024w, https:\/\/standpro.az\/wp-content\/uploads\/2025\/10\/5_ci_Yubiley_Az\u0259rbaycan_Beyn\u0259lxalq_Qarabagin_B\u0259rpa_Yenid\u0259nqurma_page-0019-300x212.jpg 300w, https:\/\/standpro.az\/wp-content\/uploads\/2025\/10\/5_ci_Yubiley_Az\u0259rbaycan_Beyn\u0259lxalq_Qarabagin_B\u0259rpa_Yenid\u0259nqurma_page-0019-768x543.jpg 768w, https:\/\/standpro.az\/wp-content\/uploads\/2025\/10\/5_ci_Yubiley_Az\u0259rbaycan_Beyn\u0259lxalq_Qarabagin_B\u0259rpa_Yenid\u0259nqurma_page-0019-1536x1086.jpg 1536w, https:\/\/standpro.az\/wp-content\/uploads\/2025\/10\/5_ci_Yubiley_Az\u0259rbaycan_Beyn\u0259lxalq_Qarabagin_B\u0259rpa_Yenid\u0259nqurma_page-0019-2048x1448.jpg 2048w\" sizes=\"auto, (max-width: 1024px) 100vw, 1024px\" \/><\/figure>\n<\/div>\n\n\n\n<div class=\"wp-block-column is-layout-flow wp-block-column-is-layout-flow\" style=\"flex-basis:66.66%\">\n<figure class=\"wp-block-image size-large\"><a href=\"https:\/\/standpro.az\/wp-content\/uploads\/2025\/10\/5_ci_Yubiley_Az\u0259rbaycan_Beyn\u0259lxalq_Qarabagin_B\u0259rpa_Yenid\u0259nqurma_page-0007-scaled.jpg\"><img loading=\"lazy\" decoding=\"async\" width=\"1024\" height=\"724\" src=\"https:\/\/standpro.az\/wp-content\/uploads\/2025\/10\/5_ci_Yubiley_Az\u0259rbaycan_Beyn\u0259lxalq_Qarabagin_B\u0259rpa_Yenid\u0259nqurma_page-0007-1024x724.jpg\" alt=\"\" class=\"wp-image-1393\" srcset=\"https:\/\/standpro.az\/wp-content\/uploads\/2025\/10\/5_ci_Yubiley_Az\u0259rbaycan_Beyn\u0259lxalq_Qarabagin_B\u0259rpa_Yenid\u0259nqurma_page-0007-1024x724.jpg 1024w, https:\/\/standpro.az\/wp-content\/uploads\/2025\/10\/5_ci_Yubiley_Az\u0259rbaycan_Beyn\u0259lxalq_Qarabagin_B\u0259rpa_Yenid\u0259nqurma_page-0007-300x212.jpg 300w, https:\/\/standpro.az\/wp-content\/uploads\/2025\/10\/5_ci_Yubiley_Az\u0259rbaycan_Beyn\u0259lxalq_Qarabagin_B\u0259rpa_Yenid\u0259nqurma_page-0007-768x543.jpg 768w, https:\/\/standpro.az\/wp-content\/uploads\/2025\/10\/5_ci_Yubiley_Az\u0259rbaycan_Beyn\u0259lxalq_Qarabagin_B\u0259rpa_Yenid\u0259nqurma_page-0007-1536x1086.jpg 1536w, https:\/\/standpro.az\/wp-content\/uploads\/2025\/10\/5_ci_Yubiley_Az\u0259rbaycan_Beyn\u0259lxalq_Qarabagin_B\u0259rpa_Yenid\u0259nqurma_page-0007-2048x1448.jpg 2048w\" sizes=\"auto, (max-width: 1024px) 100vw, 1024px\" \/><\/a><\/figure>\n<\/div>\n<\/div>\n\n\n\n<hr class=\"wp-block-separator has-alpha-channel-opacity\"\/>\n\n\n\n<h3 class=\"wp-block-heading\">\ud83e\udde9 3. Stend n\u00f6v\u00fcn\u00fc se\u00e7in<\/h3>\n\n\n\n<p>A\u015fa\u011f\u0131da s\u0259rgil\u0259rd\u0259 \u0259n \u00e7ox istifad\u0259 olunan 3 \u0259sas stend n\u00f6v\u00fc var:<\/p>\n\n\n\n<figure class=\"wp-block-table\"><table class=\"has-fixed-layout\"><thead><tr><th>N\u00f6v<\/th><th>\u00dcst\u00fcnl\u00fckl\u0259r<\/th><th>Uy\u011fun oldu\u011fu hallar<\/th><\/tr><\/thead><tbody><tr><td><strong>Modul stend<\/strong><\/td><td>Asan da\u015f\u0131n\u0131r, tez y\u0131\u011f\u0131l\u0131r, icar\u0259 \u00fc\u00e7\u00fcn uy\u011fundur<\/td><td>Bird\u0259f\u0259lik s\u0259rgil\u0259r, m\u0259hdud b\u00fcdc\u0259<\/td><\/tr><tr><td><strong>F\u0259rdi (custom) stend<\/strong><\/td><td>Brendin dizayn\u0131na uy\u011funla\u015fd\u0131r\u0131l\u0131r, premium g\u00f6r\u00fcn\u00fcr<\/td><td>B\u00f6y\u00fck \u015firk\u0259tl\u0259r, beyn\u0259lxalq s\u0259rgil\u0259r<\/td><\/tr><tr><td><strong>\u0130nteraktiv stend<\/strong><\/td><td>LED, ekran, VR, sensor sisteml\u0259ri il\u0259 t\u0259chiz olunur<\/td><td>Texnologiya v\u0259 innovasiya y\u00f6n\u00fcml\u00fc markalar<\/td><\/tr><\/tbody><\/table><\/figure>\n\n\n\n<p>StandPro komandas\u0131 bu 3 n\u00f6v stendi <strong>\u00e7ertyojdan montaja q\u0259d\u0259r<\/strong> \u201ca\u00e7ar t\u0259hvil\u201d prinsipi il\u0259 h\u0259yata ke\u00e7irir.<\/p>\n\n\n\n<hr class=\"wp-block-separator has-alpha-channel-opacity\"\/>\n\n\n\n<h3 class=\"wp-block-heading\">\ud83d\udcb0 4. B\u00fcdc\u0259 v\u0259 dizayn aras\u0131nda balans yarad\u0131n<\/h3>\n\n\n\n<p>B\u0259z\u0259n \u015firk\u0259tl\u0259r \u00e7ox iri stend ist\u0259yir, amma b\u00fcdc\u0259 m\u0259hdud olur.<br>\u018fslind\u0259 b\u00f6y\u00fck stend deyil, <strong>do\u011fru planlanm\u0131\u015f v\u0259 funksional stend<\/strong> diqq\u0259t \u00e7\u0259kir.<\/p>\n\n\n\n<p>M\u0259s\u0259l\u0259n:<\/p>\n\n\n\n<div class=\"\" data-col=\"2\"><ul class=\"wp-block-list\">\n<li>24 m\u00b2-lik stendd\u0259 3 m\u0259hsul zonas\u0131, info masa v\u0259 LED panel yerl\u0259\u015fdirm\u0259k m\u00fcmk\u00fcnd\u00fcr.<\/li>\n\n\n\n<li>\u018fg\u0259r dizayn sad\u0259, lakin d\u00fczg\u00fcn i\u015f\u0131qland\u0131r\u0131lsa, effekt b\u00f6y\u00fck olur.<\/li>\n<\/ul><\/div>\n\n\n\n<figure class=\"wp-block-image size-large is-resized\"><img loading=\"lazy\" decoding=\"async\" width=\"1024\" height=\"768\" src=\"https:\/\/standpro.az\/wp-content\/uploads\/2025\/10\/HGLT2-1024x768.jpeg\" alt=\"\" class=\"wp-image-1305\" style=\"width:544px;height:auto\" srcset=\"https:\/\/standpro.az\/wp-content\/uploads\/2025\/10\/HGLT2-1024x768.jpeg 1024w, https:\/\/standpro.az\/wp-content\/uploads\/2025\/10\/HGLT2-300x225.jpeg 300w, https:\/\/standpro.az\/wp-content\/uploads\/2025\/10\/HGLT2-768x576.jpeg 768w, https:\/\/standpro.az\/wp-content\/uploads\/2025\/10\/HGLT2-1536x1152.jpeg 1536w, https:\/\/standpro.az\/wp-content\/uploads\/2025\/10\/HGLT2-2048x1536.jpeg 2048w\" sizes=\"auto, (max-width: 1024px) 100vw, 1024px\" \/><\/figure>\n\n\n\n<hr class=\"wp-block-separator has-alpha-channel-opacity\"\/>\n\n\n\n<h3 class=\"wp-block-heading\">\ud83d\udca1 5. Dizayn brendinizin ruhunu \u0259ks etdirm\u0259lidir<\/h3>\n\n\n\n<p>H\u0259r bir brendin \u00f6z tonu var \u2014 StandPro olaraq dizayn\u0131 o tonla uy\u011funla\u015fd\u0131r\u0131r\u0131q.<br>M\u0259s\u0259l\u0259n:<\/p>\n\n\n\n<div class=\"\" data-col=\"2\"><ul class=\"wp-block-list\">\n<li><strong>Texnoloji brend:<\/strong> metal konstruksiya, xrom detal, LED vur\u011fular.<\/li>\n\n\n\n<li><strong>T\u0259bii m\u0259hsul brendi:<\/strong> taxta teksturas\u0131, ya\u015f\u0131l fon, bitki dekorlar\u0131.<\/li>\n\n\n\n<li><strong>Premium sektor:<\/strong> parlaq s\u0259thl\u0259r, q\u0131z\u0131l\u0131 v\u0259 qara r\u0259ng palitras\u0131.<\/li>\n<\/ul><\/div>\n\n\n\n<p>Dizayn yaln\u0131z g\u00f6r\u00fcn\u00fc\u015f deyil, <strong>marka hissini<\/strong> \u00f6t\u00fcr\u0259n bir dildir.<\/p>\n\n\n\n<hr class=\"wp-block-separator has-alpha-channel-opacity\"\/>\n\n\n\n<h3 class=\"wp-block-heading\">\ud83d\udee0\ufe0f 6. Qura\u015fd\u0131rma v\u0259 logistikan\u0131 planlay\u0131n<\/h3>\n\n\n\n<p>S\u0259rgi meydan\u0131nda h\u0259r d\u0259qiq\u0259 vacibdir.<br>Stendin da\u015f\u0131nmas\u0131, qura\u015fd\u0131r\u0131lmas\u0131 v\u0259 s\u00f6k\u00fclm\u0259si \u00fc\u00e7\u00fcn <strong>d\u0259qiq qrafik<\/strong> haz\u0131rlanmal\u0131d\u0131r.<br>StandPro komandas\u0131 bu prosesi \u201ctam xidm\u0259t\u201d prinsipi il\u0259 idar\u0259 edir:<\/p>\n\n\n\n<div class=\"\" data-col=\"2\"><ul class=\"wp-block-list\">\n<li>\u00c7ertyoj \u2192 3D model \u2192 Material k\u0259simi \u2192 Montaj \u2192 T\u0259slim.<\/li>\n<\/ul><\/div>\n\n\n\n<hr class=\"wp-block-separator has-alpha-channel-opacity\"\/>\n\n\n\n<h3 class=\"wp-block-heading\">\u2705 N\u0259tic\u0259<\/h3>\n\n\n\n<p>D\u00fczg\u00fcn stend se\u00e7imi sad\u0259c\u0259 dizayn m\u0259s\u0259l\u0259si deyil \u2014 <strong>strateji q\u0259rard\u0131r.<\/strong><br>\u018fg\u0259r o, brendinizi \u0259ks etdirir, ziyar\u0259t\u00e7il\u0259ri y\u00f6nl\u0259ndirir v\u0259 funksionald\u0131rsa,<br>siz art\u0131q s\u0259rgid\u0259 qalib t\u0259r\u0259fsiniz.<\/p>\n\n\n\n<p>\ud83d\udcde <strong>S\u0259rginiz \u00fc\u00e7\u00fcn stend planla\u015fd\u0131rmaq ist\u0259yirsinizs\u0259, biziml\u0259 \u0259laq\u0259 saxlay\u0131n:<\/strong><\/p>\n","protected":false},"excerpt":{"rendered":"<p>S\u0259rgil\u0259rd\u0259 i\u015ftirak ed\u0259rk\u0259n stend \u2014 markan\u0131z\u0131n s\u0259hn\u0259sidir.Dizayn, \u00f6l\u00e7\u00fc v\u0259 funksionall\u0131q bax\u0131m\u0131ndan d\u00fczg\u00fcn se\u00e7im ets\u0259niz, h\u0259m diqq\u0259t \u00e7\u0259k\u0259r, h\u0259m d\u0259 m\u00fc\u015ft\u0259ril\u0259rl\u0259 daha effektiv \u00fcnsiyy\u0259t qura bil\u0259rsiniz. StandPro komandas\u0131 olaraq y\u00fczl\u0259rl\u0259 layih\u0259 \u0259rzind\u0259 g\u00f6rd\u00fck ki, stendin u\u011furu t\u0259kc\u0259 g\u00f6z\u0259llikd\u0259 deyil, m\u0259qs\u0259d\u0259 uy\u011funluqdad\u0131r.A\u015fa\u011f\u0131da sizin \u00fc\u00e7\u00fcn real t\u0259cr\u00fcb\u0259miz v\u0259 \u00e7ertyoj n\u00fcmun\u0259l\u0259rimiz\u0259 \u0259saslanan b\u0259l\u0259d\u00e7i haz\u0131rlam\u0131\u015f\u0131q. \ud83c\udfaf 1. M\u0259qs\u0259dinizi m\u00fc\u0259yy\u0259nl\u0259\u015fdirin \u018fvv\u0259lc\u0259 [&hellip;]<\/p>\n","protected":false},"author":1,"featured_media":1393,"comment_status":"closed","ping_status":"closed","sticky":false,"template":"","format":"standard","meta":{"_joinchat":[],"footnotes":""},"categories":[1],"tags":[],"class_list":["post-1388","post","type-post","status-publish","format-standard","has-post-thumbnail","hentry","category-bloq"],"_links":{"self":[{"href":"https:\/\/standpro.az\/index.php?rest_route=\/wp\/v2\/posts\/1388","targetHints":{"allow":["GET"]}}],"collection":[{"href":"https:\/\/standpro.az\/index.php?rest_route=\/wp\/v2\/posts"}],"about":[{"href":"https:\/\/standpro.az\/index.php?rest_route=\/wp\/v2\/types\/post"}],"author":[{"embeddable":true,"href":"https:\/\/standpro.az\/index.php?rest_route=\/wp\/v2\/users\/1"}],"replies":[{"embeddable":true,"href":"https:\/\/standpro.az\/index.php?rest_route=%2Fwp%2Fv2%2Fcomments&post=1388"}],"version-history":[{"count":3,"href":"https:\/\/standpro.az\/index.php?rest_route=\/wp\/v2\/posts\/1388\/revisions"}],"predecessor-version":[{"id":1397,"href":"https:\/\/standpro.az\/index.php?rest_route=\/wp\/v2\/posts\/1388\/revisions\/1397"}],"wp:featuredmedia":[{"embeddable":true,"href":"https:\/\/standpro.az\/index.php?rest_route=\/wp\/v2\/media\/1393"}],"wp:attachment":[{"href":"https:\/\/standpro.az\/index.php?rest_route=%2Fwp%2Fv2%2Fmedia&parent=1388"}],"wp:term":[{"taxonomy":"category","embeddable":true,"href":"https:\/\/standpro.az\/index.php?rest_route=%2Fwp%2Fv2%2Fcategories&post=1388"},{"taxonomy":"post_tag","embeddable":true,"href":"https:\/\/standpro.az\/index.php?rest_route=%2Fwp%2Fv2%2Ftags&post=1388"}],"curies":[{"name":"wp","href":"https:\/\/api.w.org\/{rel}","templated":true}]}}