{"id":1403,"date":"2025-11-03T13:32:58","date_gmt":"2025-11-03T09:32:58","guid":{"rendered":"https:\/\/standpro.az\/?p=1403"},"modified":"2025-11-03T15:21:12","modified_gmt":"2025-11-03T11:21:12","slug":"s%c9%99rgid%c9%99-ilk-t%c9%99%c9%99ssurat-effekti-ziyar%c9%99tcini-5-saniy%c9%99d%c9%99-nec%c9%99-c%c9%99lb-etm%c9%99li","status":"publish","type":"post","link":"https:\/\/standpro.az\/?p=1403","title":{"rendered":"S\u0259rgid\u0259 ilk t\u0259\u0259ss\u00fcrat effekti: Ziyar\u0259t\u00e7ini 5 saniy\u0259d\u0259 nec\u0259 c\u0259lb etm\u0259li?"},"content":{"rendered":"\n<p>S\u0259rgi salonuna daxil olan bir ziyar\u0259t\u00e7i ad\u0259t\u0259n 100-d\u0259n \u00e7ox stend g\u00f6r\u00fcr.<br>Amma onlar\u0131n c\u0259mi 5\u20136-s\u0131 beynind\u0259 qal\u0131r.<br>Niy\u0259? \u00c7\u00fcnki <strong>ilk 5 saniy\u0259d\u0259 yaranan t\u0259\u0259ss\u00fcrat<\/strong> onun hans\u0131 stend\u0259 yax\u0131nla\u015faca\u011f\u0131n\u0131 m\u00fc\u0259yy\u0259n edir.<\/p>\n\n\n\n<p>StandPro olaraq ill\u0259rdir s\u0259rgil\u0259rd\u0259 m\u00fc\u015fahid\u0259 etdiyimiz bir qanun var:<\/p>\n\n\n\n<blockquote class=\"wp-block-quote is-layout-flow wp-block-quote-is-layout-flow\">\n<p>\u201cStend ziyar\u0259t\u00e7ini ilk bax\u0131\u015fda c\u0259lb etmirs\u0259, ikinci \u015fans yoxdur.\u201d<\/p>\n<\/blockquote>\n\n\n\n<p>Bu yaz\u0131da siz\u0259 <strong>ilk t\u0259\u0259ss\u00fcrat effektini maksimuma \u00e7\u0131xaran 5 \u0259sas amili<\/strong> t\u0259qdim edirik.<\/p>\n\n\n\n<hr class=\"wp-block-separator has-alpha-channel-opacity\"\/>\n\n\n\n<h2 class=\"wp-block-heading\">\ud83c\udfaf 1. Stend dizayn\u0131 \u2013 g\u00f6z beyinl\u0259 yar\u0131\u015f\u0131r<\/h2>\n\n\n\n<p>\u0130lk diqq\u0259t vizualla ba\u015flay\u0131r.<br>Ziyar\u0259t\u00e7i stend\u0259 baxanda beynind\u0259 1 saniy\u0259 i\u00e7ind\u0259 q\u0259rar formala\u015f\u0131r:<br>\u201cBu maraql\u0131d\u0131r, yoxsa ke\u00e7im gedim?\u201d<\/p>\n\n\n\n<p><strong>Effektiv stend dizayn\u0131<\/strong>:<\/p>\n\n\n\n<div class=\"\" data-col=\"2\"><ul class=\"wp-block-list\">\n<li>Brend r\u0259ngl\u0259rini d\u00fczg\u00fcn balansda istifad\u0259 edir,<\/li>\n\n\n\n<li>M\u0259rk\u0259zd\u0259 vizual fokus n\u00f6qt\u0259si yarad\u0131r (logo, ekran, m\u0259hsul v\u0259 s.),<\/li>\n\n\n\n<li>Bo\u015fluqla doluluq aras\u0131ndak\u0131 tarazl\u0131\u011f\u0131 qoruyur.<\/li>\n<\/ul><\/div>\n\n\n\n<p>\ud83d\udca1 <em>StandPro t\u0259cr\u00fcb\u0259sind\u0259n:<\/em><br>Bir m\u00fc\u015ft\u0259rimiz \u00fc\u00e7\u00fcn 24 m\u00b2 sah\u0259d\u0259 t\u0259k bir panel ekran istifad\u0259 etdik.<br>N\u0259tic\u0259d\u0259 ziyar\u0259t\u00e7i ax\u0131n\u0131 \u0259vv\u0259lki il\u0259 nisb\u0259t\u0259n <strong>2 d\u0259f\u0259 artd\u0131<\/strong>.<\/p>\n\n\n\n<div class=\"wp-block-columns is-layout-flex wp-container-core-columns-is-layout-9d6595d7 wp-block-columns-is-layout-flex\">\n<div class=\"wp-block-column is-layout-flow wp-block-column-is-layout-flow\">\n<figure class=\"wp-block-image size-large is-style-default\"><img loading=\"lazy\" decoding=\"async\" width=\"1024\" height=\"768\" src=\"https:\/\/standpro.az\/wp-content\/uploads\/2025\/10\/HGLT4-1024x768.jpeg\" alt=\"\" class=\"wp-image-1307\" style=\"aspect-ratio:3\/2;object-fit:cover\" srcset=\"https:\/\/standpro.az\/wp-content\/uploads\/2025\/10\/HGLT4-1024x768.jpeg 1024w, https:\/\/standpro.az\/wp-content\/uploads\/2025\/10\/HGLT4-300x225.jpeg 300w, https:\/\/standpro.az\/wp-content\/uploads\/2025\/10\/HGLT4-768x576.jpeg 768w, https:\/\/standpro.az\/wp-content\/uploads\/2025\/10\/HGLT4-1536x1152.jpeg 1536w, https:\/\/standpro.az\/wp-content\/uploads\/2025\/10\/HGLT4-2048x1536.jpeg 2048w\" sizes=\"auto, (max-width: 1024px) 100vw, 1024px\" \/><\/figure>\n<\/div>\n\n\n\n<div class=\"wp-block-column is-layout-flow wp-block-column-is-layout-flow\">\n<figure class=\"wp-block-image size-large\"><img loading=\"lazy\" decoding=\"async\" width=\"1024\" height=\"768\" src=\"https:\/\/standpro.az\/wp-content\/uploads\/2025\/10\/HGLT-1024x768.jpeg\" alt=\"31-ci Az\u0259rbaycan Beyn\u0259lxalq \u0130n\u015faat S\u0259rgisi\" class=\"wp-image-1302\" style=\"aspect-ratio:3\/2;object-fit:cover\" srcset=\"https:\/\/standpro.az\/wp-content\/uploads\/2025\/10\/HGLT-1024x768.jpeg 1024w, https:\/\/standpro.az\/wp-content\/uploads\/2025\/10\/HGLT-300x225.jpeg 300w, https:\/\/standpro.az\/wp-content\/uploads\/2025\/10\/HGLT-768x576.jpeg 768w, https:\/\/standpro.az\/wp-content\/uploads\/2025\/10\/HGLT-1536x1152.jpeg 1536w, https:\/\/standpro.az\/wp-content\/uploads\/2025\/10\/HGLT-2048x1536.jpeg 2048w\" sizes=\"auto, (max-width: 1024px) 100vw, 1024px\" \/><\/figure>\n<\/div>\n<\/div>\n\n\n\n<h2 class=\"wp-block-heading\">\ud83d\udca1 2. \u0130\u015f\u0131qland\u0131rma \u2013 g\u00f6r\u00fcn\u0259nin dili<\/h2>\n\n\n\n<p>\u0130\u015f\u0131q stendin \u201cemosional tonu\u201dnu yarad\u0131r.<br>\u00c7ox vaxt \u015firk\u0259tl\u0259r dizayn\u0131 d\u00fc\u015f\u00fcn\u00fcr, amma i\u015f\u0131qland\u0131rman\u0131 unudur.<br>Halbuki <strong>do\u011fru i\u015f\u0131q<\/strong>:<\/p>\n\n\n\n<div class=\"\" data-col=\"2\"><ul class=\"wp-block-list\">\n<li>M\u0259hsulu \u00f6n plana \u00e7\u0131xar\u0131r,<\/li>\n\n\n\n<li>Brend r\u0259ngl\u0259rini g\u00fccl\u0259ndirir,<\/li>\n\n\n\n<li>Ziyar\u0259t\u00e7inin diqq\u0259tini y\u00f6nl\u0259ndirir.<\/li>\n<\/ul><\/div>\n\n\n\n<p><strong>T\u0259cr\u00fcb\u0259d\u0259n n\u00fcmun\u0259:<\/strong><br>StandPro-nun \u201cHLKT\u201d \u00fc\u00e7\u00fcn haz\u0131rlad\u0131\u011f\u0131 taxta tekstural\u0131 stendd\u0259 LED i\u015f\u0131qlar m\u0259hsulun formas\u0131n\u0131 vur\u011fulad\u0131 \u2014 v\u0259 bu, brendin \u201ceko\u201d kimliyini daha g\u00fccl\u00fc g\u00f6st\u0259rdi.<\/p>\n\n\n\n<hr class=\"wp-block-separator has-alpha-channel-opacity\"\/>\n\n\n\n<h2 class=\"wp-block-heading\">\ud83e\udde0 3. R\u0259ng v\u0259 brend psixologiyas\u0131<\/h2>\n\n\n\n<p>R\u0259ngl\u0259r sad\u0259c\u0259 dekor deyil \u2014 <strong>emosiya da\u015f\u0131y\u0131c\u0131s\u0131d\u0131r.<\/strong><br>Ziyar\u0259t\u00e7i r\u0259ngl\u0259r\u0259 baxaraq q\u0259rar verir:<\/p>\n\n\n\n<div class=\"\" data-col=\"2\"><ul class=\"wp-block-list\">\n<li><strong>Mavi:<\/strong> etibar v\u0259 texnologiya (IT, s\u0259naye sektorlar\u0131 \u00fc\u00e7\u00fcn)<\/li>\n\n\n\n<li><strong>Ya\u015f\u0131l:<\/strong> t\u0259biilik v\u0259 dayan\u0131ql\u0131l\u0131q (eko v\u0259 k\u0259nd t\u0259s\u0259rr\u00fcfat\u0131)<\/li>\n\n\n\n<li><strong>Q\u0131rm\u0131z\u0131:<\/strong> enerji v\u0259 c\u0259sar\u0259t (avtomobil v\u0259 enerji sektorlar\u0131)<\/li>\n\n\n\n<li><strong>A\u011f:<\/strong> sad\u0259lik v\u0259 z\u0259riflik (premium v\u0259 korporativ markalar)<\/li>\n<\/ul><\/div>\n\n\n\n<p>StandPro dizaynlar\u0131nda r\u0259ng se\u00e7imi h\u0259r zaman <strong>marka mesaj\u0131<\/strong> il\u0259 uy\u011funla\u015fd\u0131r\u0131l\u0131r.<br>\u00c7\u00fcnki uy\u011fun olmayan r\u0259ng, \u0259n g\u00f6z\u0259l dizayn\u0131 bel\u0259 \u201cbo\u011fur\u201d.<\/p>\n\n\n\n<hr class=\"wp-block-separator has-alpha-channel-opacity\"\/>\n\n\n\n<h2 class=\"wp-block-heading\">\ud83d\udde3\ufe0f 4. \u0130nsan faktoru \u2013 ilk salam\u0131n g\u00fcc\u00fc<\/h2>\n\n\n\n<p>\u018fn yax\u015f\u0131 stend bel\u0259, <strong>soyuq qar\u015f\u0131layan personal<\/strong> varsa, t\u0259sirini itirir.<br>\u0130lk t\u0259\u0259ss\u00fcrat t\u0259kc\u0259 dizaynla deyil, <strong>qar\u015f\u0131layan insanla<\/strong> tamamlan\u0131r.<\/p>\n\n\n\n<p>Dikk\u0259t etm\u0259li oldu\u011funuz 3 detal:<\/p>\n\n\n\n<div class=\"\" data-col=\"2\"><ol class=\"wp-block-list\">\n<li>Hey\u0259t geyimi brend r\u0259ngl\u0259rin\u0259 uy\u011fun olmal\u0131d\u0131r.<\/li>\n\n\n\n<li>B\u0259d\u0259n dili a\u00e7\u0131q v\u0259 d\u0259v\u0259tkar olmal\u0131d\u0131r.<\/li>\n\n\n\n<li>\u0130lk salam q\u0131sa, s\u0259mimi v\u0259 enerjili olmal\u0131d\u0131r:<br>\u201cXo\u015f g\u0259lmisiniz, siz\u0259 hans\u0131 m\u0259hsul haqq\u0131nda dan\u0131\u015fa bil\u0259r\u0259m?\u201d<\/li>\n<\/ol><\/div>\n\n\n\n<p>\ud83d\udcac <em>StandPro t\u0259dbirl\u0259rind\u0259 biz h\u0259tta stend hey\u0259ti \u00fc\u00e7\u00fcn \u201cilk t\u0259\u0259ss\u00fcrat brifinqi\u201d ke\u00e7iririk.<\/em><\/p>\n\n\n\n<hr class=\"wp-block-separator has-alpha-channel-opacity\"\/>\n\n\n\n<h2 class=\"wp-block-heading\">\ud83d\udd0a 5. S\u0259s, h\u0259r\u0259k\u0259t v\u0259 interaktivlik<\/h2>\n\n\n\n<p>S\u0259rgid\u0259 s\u0259s-k\u00fcy \u00e7oxdur. Amma <strong>n\u0259zar\u0259tli s\u0259s elementi<\/strong> diqq\u0259ti c\u0259lb ed\u0259 bil\u0259r:<br>m\u0259s\u0259l\u0259n, m\u0259hsul animasiyas\u0131 zaman\u0131 yum\u015faq s\u0259s effekti v\u0259 ya fon musiqisi.<\/p>\n\n\n\n<p>Bundan \u0259lav\u0259:<\/p>\n\n\n\n<div class=\"\" data-col=\"2\"><ul class=\"wp-block-list\">\n<li><strong>Ekran animasiyalar\u0131<\/strong> (loop intro videolar),<\/li>\n\n\n\n<li><strong>AR\/VR t\u0259cr\u00fcb\u0259l\u0259ri<\/strong>,<\/li>\n\n\n\n<li><strong>Canl\u0131 t\u0259qdimatlar<\/strong> (demo sessiyalar) ziyar\u0259t\u00e7inin \u201cdayanma s\u0259b\u0259bi\u201d olur.<\/li>\n<\/ul><\/div>\n\n\n\n<p>StandPro olaraq stendl\u0259rd\u0259 <strong>interaktiv zonalar<\/strong> yaratma\u011fa \u00e7al\u0131\u015f\u0131r\u0131q \u2014 bu h\u0259m diqq\u0259ti, h\u0259m yadda qalma faizini art\u0131r\u0131r.<\/p>\n\n\n\n<figure class=\"wp-block-image size-large is-resized\"><img loading=\"lazy\" decoding=\"async\" width=\"577\" height=\"1024\" src=\"https:\/\/standpro.az\/wp-content\/uploads\/2025\/09\/m5-577x1024.jpeg\" alt=\"\" class=\"wp-image-1224\" style=\"aspect-ratio:1.5;object-fit:cover;width:485px;height:auto\" srcset=\"https:\/\/standpro.az\/wp-content\/uploads\/2025\/09\/m5-577x1024.jpeg 577w, https:\/\/standpro.az\/wp-content\/uploads\/2025\/09\/m5-169x300.jpeg 169w, https:\/\/standpro.az\/wp-content\/uploads\/2025\/09\/m5-768x1364.jpeg 768w, https:\/\/standpro.az\/wp-content\/uploads\/2025\/09\/m5-865x1536.jpeg 865w, https:\/\/standpro.az\/wp-content\/uploads\/2025\/09\/m5-1153x2048.jpeg 1153w, https:\/\/standpro.az\/wp-content\/uploads\/2025\/09\/m5-scaled.jpeg 1441w\" sizes=\"auto, (max-width: 577px) 100vw, 577px\" \/><\/figure>\n\n\n\n<hr class=\"wp-block-separator has-alpha-channel-opacity\"\/>\n\n\n\n<h2 class=\"wp-block-heading\">\u2699\ufe0f 6. Texniki planlama v\u0259 detallar<\/h2>\n\n\n\n<p>\u0130lk t\u0259\u0259ss\u00fcrat vizual hiss\u0259 il\u0259 yaran\u0131r, amma onun arxas\u0131nda <strong>pe\u015f\u0259kar texniki planlama<\/strong> dayan\u0131r:<\/p>\n\n\n\n<div class=\"\" data-col=\"2\"><ul class=\"wp-block-list\">\n<li>M\u0259saf\u0259l\u0259rin \u00f6l\u00e7\u00fclm\u0259si (ziyar\u0259t\u00e7i ke\u00e7idi \u00fc\u00e7\u00fcn minimum 1.2 m bo\u015fluq),<\/li>\n\n\n\n<li>\u0130\u015f\u0131q bucaqlar\u0131 (2700\u20133000K isti tonlar brendl\u0259r \u00fc\u00e7\u00fcn daha yum\u015faqd\u0131r),<\/li>\n\n\n\n<li>Brend loqosunun bax\u0131\u015f x\u0259ttind\u0259 (1.5\u20131.8 m) yerl\u0259\u015fdirilm\u0259si.<\/li>\n<\/ul><\/div>\n\n\n\n<p>Bu x\u0131rda detallar \u00fcmumi t\u0259siri 3\u20134 d\u0259f\u0259 art\u0131r\u0131r.<\/p>\n\n\n\n<hr class=\"wp-block-separator has-alpha-channel-opacity\"\/>\n\n\n\n<h2 class=\"wp-block-heading\">\u2705 N\u0259tic\u0259<\/h2>\n\n\n\n<p>\u0130lk t\u0259\u0259ss\u00fcrat t\u0259sad\u00fcf deyil, <strong>planl\u0131 dizayn\u0131n n\u0259tic\u0259sidir.<\/strong><br>Do\u011fru vizual, i\u015f\u0131q, r\u0259ng v\u0259 qar\u015f\u0131lanma sinxron i\u015fl\u0259yirs\u0259,<br>ziyar\u0259t\u00e7i sad\u0259c\u0259 baxm\u0131r \u2014 <strong>dayan\u0131r, maraqlan\u0131r, \u0259laq\u0259 qurur.<\/strong><\/p>\n\n\n\n<blockquote class=\"wp-block-quote is-layout-flow wp-block-quote-is-layout-flow\">\n<p>StandPro olaraq h\u0259r layih\u0259d\u0259 m\u0259qs\u0259dimiz \u201cilk 5 saniy\u0259ni yadda qalma\u011fa d\u0259y\u0259r an\u201da \u00e7evirm\u0259kdir.<\/p>\n<\/blockquote>\n\n\n\n<p>\ud83d\udcde <strong>S\u0259rginizd\u0259 unudulmaz ilk t\u0259\u0259ss\u00fcrat yaratmaq ist\u0259yirsinizs\u0259, biziml\u0259 \u0259laq\u0259 saxlay\u0131n:<\/strong><\/p>\n","protected":false},"excerpt":{"rendered":"<p>S\u0259rgi salonuna daxil olan bir ziyar\u0259t\u00e7i ad\u0259t\u0259n 100-d\u0259n \u00e7ox stend g\u00f6r\u00fcr.Amma onlar\u0131n c\u0259mi 5\u20136-s\u0131 beynind\u0259 qal\u0131r.Niy\u0259? \u00c7\u00fcnki ilk 5 saniy\u0259d\u0259 yaranan t\u0259\u0259ss\u00fcrat onun hans\u0131 stend\u0259 yax\u0131nla\u015faca\u011f\u0131n\u0131 m\u00fc\u0259yy\u0259n edir. StandPro olaraq ill\u0259rdir s\u0259rgil\u0259rd\u0259 m\u00fc\u015fahid\u0259 etdiyimiz bir qanun var: \u201cStend ziyar\u0259t\u00e7ini ilk bax\u0131\u015fda c\u0259lb etmirs\u0259, ikinci \u015fans yoxdur.\u201d Bu yaz\u0131da siz\u0259 ilk t\u0259\u0259ss\u00fcrat effektini maksimuma \u00e7\u0131xaran 5 [&hellip;]<\/p>\n","protected":false},"author":1,"featured_media":1404,"comment_status":"closed","ping_status":"closed","sticky":false,"template":"","format":"standard","meta":{"_joinchat":[],"footnotes":""},"categories":[1],"tags":[],"class_list":["post-1403","post","type-post","status-publish","format-standard","has-post-thumbnail","hentry","category-bloq"],"_links":{"self":[{"href":"https:\/\/standpro.az\/index.php?rest_route=\/wp\/v2\/posts\/1403","targetHints":{"allow":["GET"]}}],"collection":[{"href":"https:\/\/standpro.az\/index.php?rest_route=\/wp\/v2\/posts"}],"about":[{"href":"https:\/\/standpro.az\/index.php?rest_route=\/wp\/v2\/types\/post"}],"author":[{"embeddable":true,"href":"https:\/\/standpro.az\/index.php?rest_route=\/wp\/v2\/users\/1"}],"replies":[{"embeddable":true,"href":"https:\/\/standpro.az\/index.php?rest_route=%2Fwp%2Fv2%2Fcomments&post=1403"}],"version-history":[{"count":2,"href":"https:\/\/standpro.az\/index.php?rest_route=\/wp\/v2\/posts\/1403\/revisions"}],"predecessor-version":[{"id":1407,"href":"https:\/\/standpro.az\/index.php?rest_route=\/wp\/v2\/posts\/1403\/revisions\/1407"}],"wp:featuredmedia":[{"embeddable":true,"href":"https:\/\/standpro.az\/index.php?rest_route=\/wp\/v2\/media\/1404"}],"wp:attachment":[{"href":"https:\/\/standpro.az\/index.php?rest_route=%2Fwp%2Fv2%2Fmedia&parent=1403"}],"wp:term":[{"taxonomy":"category","embeddable":true,"href":"https:\/\/standpro.az\/index.php?rest_route=%2Fwp%2Fv2%2Fcategories&post=1403"},{"taxonomy":"post_tag","embeddable":true,"href":"https:\/\/standpro.az\/index.php?rest_route=%2Fwp%2Fv2%2Ftags&post=1403"}],"curies":[{"name":"wp","href":"https:\/\/api.w.org\/{rel}","templated":true}]}}