{"id":602,"date":"2025-07-11T12:21:17","date_gmt":"2025-07-11T08:21:17","guid":{"rendered":"https:\/\/standpro.az\/?p=602"},"modified":"2025-07-31T13:58:59","modified_gmt":"2025-07-31T09:58:59","slug":"vizyonumuz","status":"publish","type":"post","link":"https:\/\/standpro.az\/?p=602","title":{"rendered":"Vizyonumuz"},"content":{"rendered":"\n<p><strong>Stand Group<\/strong> olaraq vizyonumuz \u2013 <strong>Az\u0259rbaycan v\u0259 regionda s\u0259rgi v\u0259 t\u0259dbir sah\u0259sind\u0259 lider brend\u0259 \u00e7evrilm\u0259kdir.<\/strong><\/p>\n\n\n\n<p>Biz bu sah\u0259d\u0259 sad\u0259c\u0259 xidm\u0259t g\u00f6st\u0259rm\u0259k yox, <strong>standartlar\u0131 formala\u015fd\u0131rmaq<\/strong>, <strong>bazar\u0131n estetik v\u0259 funksional s\u0259viyy\u0259sini y\u00fcks\u0259ltm\u0259k<\/strong> niyy\u0259tind\u0259yik.<\/p>\n\n\n\n<p>G\u0259l\u0259c\u0259y\u0259 bax\u0131\u015f\u0131m\u0131z:<\/p>\n\n\n\n<div class=\"\" data-col=\"2\"><ul class=\"wp-block-list\">\n<li>S\u0259rgi v\u0259 t\u0259dbir xidm\u0259tl\u0259rini <strong>beyn\u0259lxalq keyfiyy\u0259t s\u0259viyy\u0259sind\u0259 t\u0259qdim etm\u0259k<\/strong><\/li>\n\n\n\n<li>Yerli bazarda qurdu\u011fumuz g\u00fcv\u0259n\u0259 \u0259saslanaraq <strong>xarici bazarlara \u00e7\u0131xmaq<\/strong><\/li>\n\n\n\n<li>Davaml\u0131 olaraq <strong>innovasiya, texnologiya v\u0259 yarad\u0131c\u0131l\u0131q<\/strong> il\u0259 yenil\u0259nm\u0259k<\/li>\n\n\n\n<li>M\u00fc\u015ft\u0259ril\u0259r \u00fc\u00e7\u00fcn <strong>yaln\u0131z icra\u00e7\u0131 deyil, strateji partnyor<\/strong> olmaq<\/li>\n<\/ul><\/div>\n\n\n\n<p><strong>Vizyonumuz sad\u0259c\u0259 b\u00f6y\u00fcm\u0259k deyil.<\/strong><br><strong>Brendl\u0259rl\u0259 birlikd\u0259 inki\u015faf etm\u0259k, onlar\u0131n etibar etdiyi t\u0259r\u0259fda\u015f olmaqd\u0131r.<\/strong><\/p>\n","protected":false},"excerpt":{"rendered":"<p>Stand Group olaraq vizyonumuz \u2013 Az\u0259rbaycan v\u0259 regionda s\u0259rgi v\u0259 t\u0259dbir sah\u0259sind\u0259 lider brend\u0259 \u00e7evrilm\u0259kdir. Biz bu sah\u0259d\u0259 sad\u0259c\u0259 xidm\u0259t g\u00f6st\u0259rm\u0259k yox, standartlar\u0131 formala\u015fd\u0131rmaq, bazar\u0131n estetik v\u0259 funksional s\u0259viyy\u0259sini y\u00fcks\u0259ltm\u0259k niyy\u0259tind\u0259yik. G\u0259l\u0259c\u0259y\u0259 bax\u0131\u015f\u0131m\u0131z: Vizyonumuz sad\u0259c\u0259 b\u00f6y\u00fcm\u0259k deyil.Brendl\u0259rl\u0259 birlikd\u0259 inki\u015faf etm\u0259k, onlar\u0131n etibar etdiyi t\u0259r\u0259fda\u015f olmaqd\u0131r.<\/p>\n","protected":false},"author":1,"featured_media":0,"comment_status":"closed","ping_status":"closed","sticky":false,"template":"","format":"standard","meta":{"_joinchat":[],"footnotes":""},"categories":[68],"tags":[],"class_list":["post-602","post","type-post","status-publish","format-standard","hentry","category-haqqimizda"],"_links":{"self":[{"href":"https:\/\/standpro.az\/index.php?rest_route=\/wp\/v2\/posts\/602","targetHints":{"allow":["GET"]}}],"collection":[{"href":"https:\/\/standpro.az\/index.php?rest_route=\/wp\/v2\/posts"}],"about":[{"href":"https:\/\/standpro.az\/index.php?rest_route=\/wp\/v2\/types\/post"}],"author":[{"embeddable":true,"href":"https:\/\/standpro.az\/index.php?rest_route=\/wp\/v2\/users\/1"}],"replies":[{"embeddable":true,"href":"https:\/\/standpro.az\/index.php?rest_route=%2Fwp%2Fv2%2Fcomments&post=602"}],"version-history":[{"count":1,"href":"https:\/\/standpro.az\/index.php?rest_route=\/wp\/v2\/posts\/602\/revisions"}],"predecessor-version":[{"id":603,"href":"https:\/\/standpro.az\/index.php?rest_route=\/wp\/v2\/posts\/602\/revisions\/603"}],"wp:attachment":[{"href":"https:\/\/standpro.az\/index.php?rest_route=%2Fwp%2Fv2%2Fmedia&parent=602"}],"wp:term":[{"taxonomy":"category","embeddable":true,"href":"https:\/\/standpro.az\/index.php?rest_route=%2Fwp%2Fv2%2Fcategories&post=602"},{"taxonomy":"post_tag","embeddable":true,"href":"https:\/\/standpro.az\/index.php?rest_route=%2Fwp%2Fv2%2Ftags&post=602"}],"curies":[{"name":"wp","href":"https:\/\/api.w.org\/{rel}","templated":true}]}}